{"id":10226,"date":"2026-09-02T11:35:29","date_gmt":"2026-09-02T14:35:29","guid":{"rendered":"https:\/\/www.hospitalantofagasta.gob.cl\/?p=10226"},"modified":"2026-09-02T11:36:14","modified_gmt":"2026-09-02T14:36:14","slug":"una-llamada-que-acorto-distancias-hra-brindo-apoyo-medico-a-familia-aislada-en-taltal-durante-emergencia-climatica","status":"publish","type":"post","link":"https:\/\/www.hospitalantofagasta.gob.cl\/?p=10226","title":{"rendered":"<strong>UNA LLAMADA QUE ACORT\u00d3 DISTANCIAS: HRA BRIND\u00d3 APOYO M\u00c9DICO A FAMILIA AISLADA EN TALTAL DURANTE EMERGENCIA CLIM\u00c1TICA<\/strong>"},"content":{"rendered":"\n<div class=\"wp-block-uagb-social-share uagb-social-share__outer-wrap uagb-social-share__layout-horizontal uagb-block-0cfd2a6e\">\n<div class=\"wp-block-uagb-social-share-child uagb-ss-repeater uagb-ss__wrapper uagb-block-d94507b1\"><span class=\"uagb-ss__link\" data-href=\"https:\/\/www.facebook.com\/sharer.php?u=\" tabindex=\"0\" role=\"button\" aria-label=\"facebook\"><span class=\"uagb-ss__source-wrap\"><span class=\"uagb-ss__source-icon\"><svg xmlns=\"https:\/\/www.w3.org\/2000\/svg\" viewBox=\"0 0 512 512\"><path d=\"M504 256C504 119 393 8 256 8S8 119 8 256c0 123.8 90.69 226.4 209.3 245V327.7h-63V256h63v-54.64c0-62.15 37-96.48 93.67-96.48 27.14 0 55.52 4.84 55.52 4.84v61h-31.28c-30.8 0-40.41 19.12-40.41 38.73V256h68.78l-11 71.69h-57.78V501C413.3 482.4 504 379.8 504 256z\"><\/path><\/svg><\/span><\/span><\/span><\/div>\n\n\n\n<div class=\"wp-block-uagb-social-share-child uagb-ss-repeater uagb-ss__wrapper uagb-block-0c3fd8d5\"><span class=\"uagb-ss__link\" data-href=\"https:\/\/twitter.com\/share?url=\" tabindex=\"0\" role=\"button\" aria-label=\"twitter\"><span class=\"uagb-ss__source-wrap\"><span class=\"uagb-ss__source-icon\"><svg xmlns=\"https:\/\/www.w3.org\/2000\/svg\" viewBox=\"0 0 512 512\"><path d=\"M389.2 48h70.6L305.6 224.2 487 464H345L233.7 318.6 106.5 464H35.8L200.7 275.5 26.8 48H172.4L272.9 180.9 389.2 48zM364.4 421.8h39.1L151.1 88h-42L364.4 421.8z\"><\/path><\/svg><\/span><\/span><\/span><\/div>\n\n\n\n<div class=\"wp-block-uagb-social-share-child uagb-ss-repeater uagb-ss__wrapper uagb-block-31fdc5af\"><span class=\"uagb-ss__link\" data-href=\"https:\/\/api.whatsapp.com\/send?text=\" tabindex=\"0\" role=\"button\" aria-label=\"whatsapp\"><span class=\"uagb-ss__source-wrap\"><span class=\"uagb-ss__source-icon\"><svg xmlns=\"https:\/\/www.w3.org\/2000\/svg\" viewBox=\"0 0 448 512\"><path d=\"M380.9 97.1C339 55.1 283.2 32 223.9 32c-122.4 0-222 99.6-222 222 0 39.1 10.2 77.3 29.6 111L0 480l117.7-30.9c32.4 17.7 68.9 27 106.1 27h.1c122.3 0 224.1-99.6 224.1-222 0-59.3-25.2-115-67.1-157zm-157 341.6c-33.2 0-65.7-8.9-94-25.7l-6.7-4-69.8 18.3L72 359.2l-4.4-7c-18.5-29.4-28.2-63.3-28.2-98.2 0-101.7 82.8-184.5 184.6-184.5 49.3 0 95.6 19.2 130.4 54.1 34.8 34.9 56.2 81.2 56.1 130.5 0 101.8-84.9 184.6-186.6 184.6zm101.2-138.2c-5.5-2.8-32.8-16.2-37.9-18-5.1-1.9-8.8-2.8-12.5 2.8-3.7 5.6-14.3 18-17.6 21.8-3.2 3.7-6.5 4.2-12 1.4-32.6-16.3-54-29.1-75.5-66-5.7-9.8 5.7-9.1 16.3-30.3 1.8-3.7 .9-6.9-.5-9.7-1.4-2.8-12.5-30.1-17.1-41.2-4.5-10.8-9.1-9.3-12.5-9.5-3.2-.2-6.9-.2-10.6-.2-3.7 0-9.7 1.4-14.8 6.9-5.1 5.6-19.4 19-19.4 46.3 0 27.3 19.9 53.7 22.6 57.4 2.8 3.7 39.1 59.7 94.8 83.8 35.2 15.2 49 16.5 66.6 13.9 10.7-1.6 32.8-13.4 37.4-26.4 4.6-13 4.6-24.1 3.2-26.4-1.3-2.5-5-3.9-10.5-6.6z\"><\/path><\/svg><\/span><\/span><\/span><\/div>\n\n\n\n<div class=\"wp-block-uagb-social-share-child uagb-ss-repeater uagb-ss__wrapper uagb-block-3058a62a\"><span class=\"uagb-ss__link\" data-href=\"https:\/\/www.linkedin.com\/shareArticle?url=\" tabindex=\"0\" role=\"button\" aria-label=\"linkedin\"><span class=\"uagb-ss__source-wrap\"><span class=\"uagb-ss__source-icon\"><svg xmlns=\"https:\/\/www.w3.org\/2000\/svg\" viewBox=\"0 0 448 512\"><path d=\"M416 32H31.9C14.3 32 0 46.5 0 64.3v383.4C0 465.5 14.3 480 31.9 480H416c17.6 0 32-14.5 32-32.3V64.3c0-17.8-14.4-32.3-32-32.3zM135.4 416H69V202.2h66.5V416zm-33.2-243c-21.3 0-38.5-17.3-38.5-38.5S80.9 96 102.2 96c21.2 0 38.5 17.3 38.5 38.5 0 21.3-17.2 38.5-38.5 38.5zm282.1 243h-66.4V312c0-24.8-.5-56.7-34.5-56.7-34.6 0-39.9 27-39.9 54.9V416h-66.4V202.2h63.7v29.2h.9c8.9-16.8 30.6-34.5 62.9-34.5 67.2 0 79.7 44.3 79.7 101.9V416z\"><\/path><\/svg><\/span><\/span><\/span><\/div>\n<\/div>\n\n\n\n<div class=\"wp-block-uagb-separator uagb-block-55536a49\"><div class=\"wp-block-uagb-separator__inner\" style=\"--my-background-image:\"><\/div><\/div>\n\n\n<p style=\"text-align: justify;\">\u00a0<\/p>\n<p style=\"text-align: center;\"><span style=\"font-size: 14px;\"><strong><em>La coordinaci\u00f3n entre el Hospital Regional de Antofagasta y la Seremi de Econom\u00eda permiti\u00f3 orientar y acompa\u00f1ar a distancia a un paciente de 47 a\u00f1os que permanec\u00eda junto a su familia en el sector Punta de Plata, con las rutas interrumpidas producto de la contingencia clim\u00e1tica.<\/em><\/strong><\/span><\/p>\n<p style=\"text-align: justify;\"><span style=\"font-size: 20px;\">En medio de caminos cortados, aislamiento y la incertidumbre que dej\u00f3 la reciente emergencia clim\u00e1tica en distintos puntos de la Regi\u00f3n de Antofagasta, una llamada telef\u00f3nica se transform\u00f3 en una ayuda concreta para una familia de Taltal.<\/span><\/p>\n<p style=\"text-align: justify;\"><span style=\"font-size: 20px;\">Ana Gonz\u00e1lez permanec\u00eda en el sector Punta de Plata junto a su esposo, Sa\u00fal Castillo, de 47 a\u00f1os, quien comenz\u00f3 a presentar un cuadro de salud que requer\u00eda evaluaci\u00f3n m\u00e9dica. La imposibilidad de trasladarlo hasta un establecimiento asistencial aument\u00f3 la preocupaci\u00f3n. Sin embargo, la articulaci\u00f3n entre distintas instituciones permiti\u00f3 acercar orientaci\u00f3n cl\u00ednica hasta donde, en ese momento, no era posible llegar por tierra.<\/span><\/p>\n<p style=\"text-align: justify;\"><span style=\"font-size: 20px;\">Tras conocer la situaci\u00f3n a trav\u00e9s de la concejala Valeska Mondaca de Taltal, el seremi de Econom\u00eda de Antofagasta, Pablo Pomareda, gestion\u00f3 apoyo con el Hospital Regional de Antofagasta. Fue as\u00ed como el director (s) del HRA, Dr. Pedro Usedo, quien adem\u00e1s es m\u00e9dico internista e infect\u00f3logo, tom\u00f3 contacto directamente con la familia para conocer los s\u00edntomas del paciente, entregar indicaciones y realizar seguimiento a su evoluci\u00f3n.<\/span><\/p>\n<p style=\"text-align: justify;\"><span style=\"font-size: 20px;\">\u201cMe qued\u00e9 m\u00e1s tranquila, sent\u00ed harto apoyo de parte del doctor. Me llam\u00f3 dos veces durante el d\u00eda y al d\u00eda siguiente volvi\u00f3 a comunicarse para preguntarme c\u00f3mo segu\u00eda mi esposo\u201d, relat\u00f3 Ana Gonz\u00e1lez, quien destac\u00f3 especialmente el acompa\u00f1amiento recibido mientras continuaban aislados debido a las condiciones de las rutas.<\/span><\/p>\n<p style=\"text-align: justify;\"><span style=\"font-size: 20px;\">A trav\u00e9s de esta orientaci\u00f3n m\u00e9dica telef\u00f3nica, la familia recibi\u00f3 recomendaciones para manejar transitoriamente los s\u00edntomas y, sobre todo, se\u00f1ales de alerta frente a las cuales ser\u00eda necesario adoptar otras medidas. \u201cSe agradece porque nosotros estamos aislados y estaban preocupados por la situaci\u00f3n de \u00e9l. Sentimos ese apoyo\u201d, agreg\u00f3 Ana.<\/span><\/p>\n<p style=\"text-align: justify;\"><span style=\"font-size: 20px;\">Para el seremi Pablo Pomareda, esta experiencia demostr\u00f3 la importancia de mantener activas las redes de colaboraci\u00f3n incluso cuando la emergencia impide llegar presencialmente a todos los territorios. \u201cGestionamos r\u00e1pidamente con el Hospital Regional de Antofagasta una teleconsulta. El doctor Usedo inmediatamente nos ayud\u00f3, tom\u00f3 contacto con la familia y pudo evaluar la situaci\u00f3n. Ese es el tipo de ayuda que buscamos entregar a la comunidad\u201d, se\u00f1al\u00f3.<\/span><\/p>\n<p style=\"text-align: justify;\"><span style=\"font-size: 20px;\">Desde el HRA, el Dr. Pedro Usedo explic\u00f3 que el seguimiento se mantuvo durante la contingencia para conocer permanentemente la evoluci\u00f3n del paciente. \u201cPudimos entregar algunas indicaciones m\u00e9dicas que ayudaron a manejar su condici\u00f3n de salud y estuvimos monitoreando constantemente su evoluci\u00f3n junto a la familia. Afortunadamente, no avanz\u00f3 hacia una situaci\u00f3n de mayor complejidad\u201d, sostuvo.<\/span><\/p>\n<p style=\"text-align: justify;\"><span style=\"font-size: 20px;\">El director (s) del principal centro de salud de la regi\u00f3n destac\u00f3 que este caso refleja la importancia de poner las capacidades de la instituci\u00f3n al servicio de la comunidad, especialmente cuando las circunstancias hacen m\u00e1s dif\u00edcil acceder a atenci\u00f3n. \u201cEsto habla de la coordinaci\u00f3n permanente que mantenemos con quienes requieren del apoyo del hospital. En situaciones tan complejas como una emergencia clim\u00e1tica, debemos ser capaces de realizar un aporte real y concreto para entregar soluciones y tranquilidad a las familias\u201d, afirm\u00f3.<\/span><\/p>\n<p style=\"text-align: justify;\"><span style=\"font-size: 20px;\">De acuerdo con el \u00faltimo contacto sostenido con sus familiares, Sa\u00fal present\u00f3 una evoluci\u00f3n favorable tras las indicaciones entregadas. El Hospital Regional de Antofagasta, adem\u00e1s, mantuvo su disposici\u00f3n para recibirlo y completar su evaluaci\u00f3n m\u00e9dica una vez que las condiciones de conectividad permitan su traslado.<\/span><\/p>\n<p style=\"text-align: justify;\"><span style=\"font-size: 20px;\">En d\u00edas marcados por la adversidad, la experiencia de esta familia record\u00f3 que la atenci\u00f3n de salud tambi\u00e9n puede comenzar con algo tan esencial como estar disponibles, escuchar y acompa\u00f1ar. Cuando las rutas se cierran, la coordinaci\u00f3n y el compromiso de las personas pueden abrir otras formas de llegar.<\/span><\/p>\n<p style=\"text-align: justify;\">\u00a0<\/p>\n<p style=\"text-align: justify;\">\u00a0<\/p>","protected":false},"excerpt":{"rendered":"<p>\u00a0 La coordinaci\u00f3n entre el Hospital Regional de Antofagasta y la Seremi de Econom\u00eda permiti\u00f3 orientar y acompa\u00f1ar a distancia a un paciente de 47 a\u00f1os que permanec\u00eda junto a su familia en el sector Punta de Plata, con las rutas interrumpidas producto de la contingencia clim\u00e1tica. En medio de caminos cortados, aislamiento y la [&hellip;]<\/p>\n","protected":false},"author":3,"featured_media":10227,"comment_status":"closed","ping_status":"closed","sticky":false,"template":"","format":"standard","meta":{"_uag_custom_page_level_css":"","footnotes":""},"categories":[2],"tags":[],"class_list":["post-10226","post","type-post","status-publish","format-standard","has-post-thumbnail","hentry","category-noticias"],"uagb_featured_image_src":{"full":["https:\/\/www.hospitalantofagasta.gob.cl\/wp-content\/uploads\/2026\/09\/WhatsApp-Image-2026-08-31-at-9.02.56-AM.jpeg",1600,900,false],"thumbnail":["https:\/\/www.hospitalantofagasta.gob.cl\/wp-content\/uploads\/2026\/09\/WhatsApp-Image-2026-08-31-at-9.02.56-AM-150x150.jpeg",150,150,true],"medium":["https:\/\/www.hospitalantofagasta.gob.cl\/wp-content\/uploads\/2026\/09\/WhatsApp-Image-2026-08-31-at-9.02.56-AM-300x169.jpeg",300,169,true],"medium_large":["https:\/\/www.hospitalantofagasta.gob.cl\/wp-content\/uploads\/2026\/09\/WhatsApp-Image-2026-08-31-at-9.02.56-AM-768x432.jpeg",768,432,true],"large":["https:\/\/www.hospitalantofagasta.gob.cl\/wp-content\/uploads\/2026\/09\/WhatsApp-Image-2026-08-31-at-9.02.56-AM-1024x576.jpeg",1024,576,true],"1536x1536":["https:\/\/www.hospitalantofagasta.gob.cl\/wp-content\/uploads\/2026\/09\/WhatsApp-Image-2026-08-31-at-9.02.56-AM-1536x864.jpeg",1536,864,true],"2048x2048":["https:\/\/www.hospitalantofagasta.gob.cl\/wp-content\/uploads\/2026\/09\/WhatsApp-Image-2026-08-31-at-9.02.56-AM.jpeg",1600,900,false],"320x210":["https:\/\/www.hospitalantofagasta.gob.cl\/wp-content\/uploads\/2026\/09\/WhatsApp-Image-2026-08-31-at-9.02.56-AM-320x210.jpeg",320,210,true],"660x250":["https:\/\/www.hospitalantofagasta.gob.cl\/wp-content\/uploads\/2026\/09\/WhatsApp-Image-2026-08-31-at-9.02.56-AM-660x250.jpeg",660,250,true],"660x9999":["https:\/\/www.hospitalantofagasta.gob.cl\/wp-content\/uploads\/2026\/09\/WhatsApp-Image-2026-08-31-at-9.02.56-AM-660x371.jpeg",660,371,true]},"uagb_author_info":{"display_name":"periodista.hra","author_link":"https:\/\/www.hospitalantofagasta.gob.cl\/?author=3"},"uagb_comment_info":0,"uagb_excerpt":"\u00a0 La coordinaci\u00f3n entre el Hospital Regional de Antofagasta y la Seremi de Econom\u00eda permiti\u00f3 orientar y acompa\u00f1ar a distancia a un paciente de 47 a\u00f1os que permanec\u00eda junto a su familia en el sector Punta de Plata, con las rutas interrumpidas producto de la contingencia clim\u00e1tica. En medio de caminos cortados, aislamiento y la&hellip;","_links":{"self":[{"href":"https:\/\/www.hospitalantofagasta.gob.cl\/index.php?rest_route=\/wp\/v2\/posts\/10226","targetHints":{"allow":["GET"]}}],"collection":[{"href":"https:\/\/www.hospitalantofagasta.gob.cl\/index.php?rest_route=\/wp\/v2\/posts"}],"about":[{"href":"https:\/\/www.hospitalantofagasta.gob.cl\/index.php?rest_route=\/wp\/v2\/types\/post"}],"author":[{"embeddable":true,"href":"https:\/\/www.hospitalantofagasta.gob.cl\/index.php?rest_route=\/wp\/v2\/users\/3"}],"replies":[{"embeddable":true,"href":"https:\/\/www.hospitalantofagasta.gob.cl\/index.php?rest_route=%2Fwp%2Fv2%2Fcomments&post=10226"}],"version-history":[{"count":2,"href":"https:\/\/www.hospitalantofagasta.gob.cl\/index.php?rest_route=\/wp\/v2\/posts\/10226\/revisions"}],"predecessor-version":[{"id":10229,"href":"https:\/\/www.hospitalantofagasta.gob.cl\/index.php?rest_route=\/wp\/v2\/posts\/10226\/revisions\/10229"}],"wp:featuredmedia":[{"embeddable":true,"href":"https:\/\/www.hospitalantofagasta.gob.cl\/index.php?rest_route=\/wp\/v2\/media\/10227"}],"wp:attachment":[{"href":"https:\/\/www.hospitalantofagasta.gob.cl\/index.php?rest_route=%2Fwp%2Fv2%2Fmedia&parent=10226"}],"wp:term":[{"taxonomy":"category","embeddable":true,"href":"https:\/\/www.hospitalantofagasta.gob.cl\/index.php?rest_route=%2Fwp%2Fv2%2Fcategories&post=10226"},{"taxonomy":"post_tag","embeddable":true,"href":"https:\/\/www.hospitalantofagasta.gob.cl\/index.php?rest_route=%2Fwp%2Fv2%2Ftags&post=10226"}],"curies":[{"name":"wp","href":"https:\/\/api.w.org\/{rel}","templated":true}]}}