{"id":10235,"date":"2026-09-04T13:30:16","date_gmt":"2026-09-04T16:30:16","guid":{"rendered":"https:\/\/www.hospitalantofagasta.gob.cl\/?p=10235"},"modified":"2026-09-04T13:31:03","modified_gmt":"2026-09-04T16:31:03","slug":"cuidar-tambien-es-acompanar-reconocen-sala-de-lactancia-del-hra","status":"publish","type":"post","link":"https:\/\/www.hospitalantofagasta.gob.cl\/?p=10235","title":{"rendered":"<STRONG>CUIDAR TAMBI\u00c9N ES ACOMPA\u00d1AR: RECONOCEN SALA DE LACTANCIA DEL HRA<\/STRONG>"},"content":{"rendered":"\n<div class=\"wp-block-uagb-social-share uagb-social-share__outer-wrap uagb-social-share__layout-horizontal uagb-block-2250ffcc\">\n<div class=\"wp-block-uagb-social-share-child uagb-ss-repeater uagb-ss__wrapper uagb-block-cce9ca75\"><span class=\"uagb-ss__link\" data-href=\"https:\/\/www.facebook.com\/sharer.php?u=\" tabindex=\"0\" role=\"button\" aria-label=\"facebook\"><span class=\"uagb-ss__source-wrap\"><span class=\"uagb-ss__source-icon\"><svg xmlns=\"https:\/\/www.w3.org\/2000\/svg\" viewBox=\"0 0 512 512\"><path d=\"M504 256C504 119 393 8 256 8S8 119 8 256c0 123.8 90.69 226.4 209.3 245V327.7h-63V256h63v-54.64c0-62.15 37-96.48 93.67-96.48 27.14 0 55.52 4.84 55.52 4.84v61h-31.28c-30.8 0-40.41 19.12-40.41 38.73V256h68.78l-11 71.69h-57.78V501C413.3 482.4 504 379.8 504 256z\"><\/path><\/svg><\/span><\/span><\/span><\/div>\n\n\n\n<div class=\"wp-block-uagb-social-share-child uagb-ss-repeater uagb-ss__wrapper uagb-block-128c61ea\"><span class=\"uagb-ss__link\" data-href=\"https:\/\/twitter.com\/share?url=\" tabindex=\"0\" role=\"button\" aria-label=\"twitter\"><span class=\"uagb-ss__source-wrap\"><span class=\"uagb-ss__source-icon\"><svg xmlns=\"https:\/\/www.w3.org\/2000\/svg\" viewBox=\"0 0 512 512\"><path d=\"M389.2 48h70.6L305.6 224.2 487 464H345L233.7 318.6 106.5 464H35.8L200.7 275.5 26.8 48H172.4L272.9 180.9 389.2 48zM364.4 421.8h39.1L151.1 88h-42L364.4 421.8z\"><\/path><\/svg><\/span><\/span><\/span><\/div>\n\n\n\n<div class=\"wp-block-uagb-social-share-child uagb-ss-repeater uagb-ss__wrapper uagb-block-c79b2359\"><span class=\"uagb-ss__link\" data-href=\"https:\/\/pinterest.com\/pin\/create\/link\/?url=\" tabindex=\"0\" role=\"button\" aria-label=\"pinterest\"><span class=\"uagb-ss__source-wrap\"><span class=\"uagb-ss__source-icon\"><svg xmlns=\"https:\/\/www.w3.org\/2000\/svg\" viewBox=\"0 0 448 512\"><path d=\"M380.9 97.1C339 55.1 283.2 32 223.9 32c-122.4 0-222 99.6-222 222 0 39.1 10.2 77.3 29.6 111L0 480l117.7-30.9c32.4 17.7 68.9 27 106.1 27h.1c122.3 0 224.1-99.6 224.1-222 0-59.3-25.2-115-67.1-157zm-157 341.6c-33.2 0-65.7-8.9-94-25.7l-6.7-4-69.8 18.3L72 359.2l-4.4-7c-18.5-29.4-28.2-63.3-28.2-98.2 0-101.7 82.8-184.5 184.6-184.5 49.3 0 95.6 19.2 130.4 54.1 34.8 34.9 56.2 81.2 56.1 130.5 0 101.8-84.9 184.6-186.6 184.6zm101.2-138.2c-5.5-2.8-32.8-16.2-37.9-18-5.1-1.9-8.8-2.8-12.5 2.8-3.7 5.6-14.3 18-17.6 21.8-3.2 3.7-6.5 4.2-12 1.4-32.6-16.3-54-29.1-75.5-66-5.7-9.8 5.7-9.1 16.3-30.3 1.8-3.7 .9-6.9-.5-9.7-1.4-2.8-12.5-30.1-17.1-41.2-4.5-10.8-9.1-9.3-12.5-9.5-3.2-.2-6.9-.2-10.6-.2-3.7 0-9.7 1.4-14.8 6.9-5.1 5.6-19.4 19-19.4 46.3 0 27.3 19.9 53.7 22.6 57.4 2.8 3.7 39.1 59.7 94.8 83.8 35.2 15.2 49 16.5 66.6 13.9 10.7-1.6 32.8-13.4 37.4-26.4 4.6-13 4.6-24.1 3.2-26.4-1.3-2.5-5-3.9-10.5-6.6z\"><\/path><\/svg><\/span><\/span><\/span><\/div>\n\n\n\n<div class=\"wp-block-uagb-social-share-child uagb-ss-repeater uagb-ss__wrapper uagb-block-82811531\"><span class=\"uagb-ss__link\" data-href=\"https:\/\/www.linkedin.com\/shareArticle?url=\" tabindex=\"0\" role=\"button\" aria-label=\"linkedin\"><span class=\"uagb-ss__source-wrap\"><span class=\"uagb-ss__source-icon\"><svg xmlns=\"https:\/\/www.w3.org\/2000\/svg\" viewBox=\"0 0 448 512\"><path d=\"M416 32H31.9C14.3 32 0 46.5 0 64.3v383.4C0 465.5 14.3 480 31.9 480H416c17.6 0 32-14.5 32-32.3V64.3c0-17.8-14.4-32.3-32-32.3zM135.4 416H69V202.2h66.5V416zm-33.2-243c-21.3 0-38.5-17.3-38.5-38.5S80.9 96 102.2 96c21.2 0 38.5 17.3 38.5 38.5 0 21.3-17.2 38.5-38.5 38.5zm282.1 243h-66.4V312c0-24.8-.5-56.7-34.5-56.7-34.6 0-39.9 27-39.9 54.9V416h-66.4V202.2h63.7v29.2h.9c8.9-16.8 30.6-34.5 62.9-34.5 67.2 0 79.7 44.3 79.7 101.9V416z\"><\/path><\/svg><\/span><\/span><\/span><\/div>\n<\/div>\n\n\n\n<hr class=\"wp-block-separator has-alpha-channel-opacity\"\/>\n\n\n<p class=\"tm6\" style=\"text-align: justify;\"><span class=\"tm7\" style=\"font-size: 20px;\">La Secretar\u00eda Regional Ministerial (Seremi) de Salud de Antofagasta, a trav\u00e9s de la Comisi\u00f3n Regional de Lactancia Materna, otorg\u00f3 el reconocimiento oficial a la sala de lactancia materna ubicada en la Sala Cuna del Hospital Regional de Antofagasta (HRA). La acreditaci\u00f3n verifica que el espacio cumple con los est\u00e1ndares t\u00e9cnicos, sanitarios y de infraestructura fijados para la extracci\u00f3n y almacenamiento de leche materna, adem\u00e1s de brindar condiciones para el amamantamiento.<\/span><\/p>\n<p class=\"tm6\" style=\"text-align: justify;\"><span class=\"tm7\" style=\"font-size: 20px;\">Para optar a este reconocimiento, la autoridad sanitaria fiscaliza una serie de exigencias de infraestructura, bioseguridad y confort. Entre algunos de estos par\u00e1metros, las normativas estipulan que el lactario debe encontrarse ubicado fuera de los servicios higi\u00e9nicos y en \u00e1reas libres de fuentes de contaminaci\u00f3n o ruidos.<\/span><\/p>\n<p class=\"tm6\" style=\"text-align: justify;\"><span class=\"tm7\" style=\"font-size: 20px;\">En el caso del recinto del HRA, la verificaci\u00f3n de la SEREMI constat\u00f3 el cumplimiento de estos y otros requerimientos, tales como disponer de un espacio amplio y limpio, lavamanos con agua corriente, insumos de aseo como papel, condiciones de privacidad y confortabilidad, adem\u00e1s de mobiliario e insumos que resguardan la salubridad e higiene durante todo el proceso.<\/span><\/p>\n<p class=\"tm6\" style=\"text-align: justify;\"><span class=\"tm7\" style=\"font-size: 20px;\">Dichas exigencias se enmarcan en la aplicaci\u00f3n de la Ley 21.155, normativa que resguarda el libre ejercicio de la lactancia materna en Chile. A su vez, se alinean con las disposiciones del art\u00edculo 206 del C\u00f3digo del Trabajo, orientado a asegurar el derecho de las trabajadoras a alimentar a sus hijos en entornos adecuados dentro de su jornada laboral.<\/span><\/p>\n<p class=\"tm6\" style=\"text-align: justify;\"><span class=\"tm7\" style=\"font-size: 20px;\">La referente regional del Programa de Salud de la Infancia y Lactancia Materna de la Seremi de Salud de Antofagasta, Lorena Cuevas, destac\u00f3 el car\u00e1cter pionero de este proceso a nivel regional. Cuevas se\u00f1al\u00f3 que se trata de una iniciativa local con impacto nacional, pues el equipo regional ha liderado el reconocimiento a lugares de trabajo y recintos estudiantiles que habilitan salas de lactancia para sus funcionarias y usuarias externas.<br \/><\/span><\/p>\n<p class=\"tm6\" style=\"text-align: justify;\"><span class=\"tm7\" style=\"font-size: 20px;\">En cuanto a las dependencias del establecimiento asistencial, la referente t\u00e9cnica valor\u00f3 la amplitud del espacio en relaci\u00f3n con otras salas del sistema p\u00fablico que suelen contar solo con un sill\u00f3n. A su juicio, el recinto dispone del equipamiento, papel, lavamanos y condiciones de salubridad requeridas, reflejando el compromiso y afecto depositado por el equipo a cargo para constituir un ambiente acogedor.<\/span><\/p>\n<p class=\"tm6\" style=\"text-align: justify;\"><span class=\"tm7\" style=\"font-size: 20px;\">Por su parte, la directora de la Unidad de Cuidados Infantiles del HRA, Yesenia Roco, profundiz\u00f3 en lo que implica la entrega de esta placa acreditadora para la unidad. La profesional explic\u00f3 que no se trata solo del cumplimiento de una norma, sino de la valoraci\u00f3n a un esfuerzo sostenido por a\u00f1os para sostener la sala, promover su uso correcto y reforzar los lazos con las familias de la comunidad hospitalaria.<\/span><\/p>\n<p class=\"tm6\" style=\"text-align: justify;\"><span class=\"tm7\" style=\"font-size: 20px;\">Roco enfatiz\u00f3 que las trabajadoras se reincorporan habitualmente cuando sus hijos bordean los cuatro o cinco meses de vida, por lo que resulta crucial que dispongan de un lugar limpio, seguro, higi\u00e9nico y armonioso que les entregue la calidez de un hogar.<\/span><\/p>\n<p class=\"tm6\" style=\"text-align: justify;\"><span class=\"tm7\" style=\"font-size: 20px;\">La directora argument\u00f3 que la meta principal es el desarrollo integral de los ni\u00f1os, el cual depende directamente de una alimentaci\u00f3n adecuada y del resguardo del v\u00ednculo afectivo. En esa l\u00ednea, sostuvo que la labor pedag\u00f3gica de la educaci\u00f3n parvularia busca evitar que las funcionarias tengan que interrumpir este proceso a causa del trabajo, ofreci\u00e9ndoles el acompa\u00f1amiento constante de todo el equipo para colaborarles, ayudarlas y mantener la din\u00e1mica de la forma m\u00e1s eficiente y fluida posible.<\/span><\/p>\n<p class=\"tm6\" style=\"text-align: justify;\"><span class=\"tm7\" style=\"font-size: 20px;\">En tanto, el director (s) del Hospital Regional de Antofagasta, Pedro Usedo, abord\u00f3 el impacto de esta medida dentro de la gesti\u00f3n institucional. Usedo expres\u00f3 la satisfacci\u00f3n del establecimiento al recibir el sello, argumentando que este hito respalda la existencia de un entorno seguro para los hijos e hijas del personal de la salud.<\/span><\/p>\n<p class=\"tm6\" style=\"text-align: justify;\"><span class=\"tm7\" style=\"font-size: 20px;\">El directivo remarc\u00f3 que dar esta garant\u00eda a los funcionarios entrega una tranquilidad fundamental durante el desarrollo de sus turnos y labores cotidianas, sabiendo que sus hijos reciben una buena atenci\u00f3n en un espacio protegido.<\/span><\/p>\n<p class=\"tm6\" style=\"text-align: justify;\"><span class=\"tm7\" style=\"font-size: 20px;\">Finalmente, Usedo sostuvo que la estabilidad y bienestar del equipo de salud se traspasan a la calidad de las prestaciones diarias que se brindan en el centro asistencial, por lo que la comunidad y los usuarios de la red p\u00fablica terminan siendo los principales beneficiados con la implementaci\u00f3n de estas medidas de protecci\u00f3n a la maternidad.<\/span><\/p>\n<p class=\"tm6\" style=\"text-align: justify;\"><span class=\"tm7\" style=\"font-size: 20px;\">Este tipo de acreditaciones otorgadas por las Secretar\u00edas Regionales Ministeriales de Salud forman parte de una estrategia sanitaria m\u00e1s amplia a nivel nacional. La medida busca incentivar tanto a organismos p\u00fablicos como a empresas privadas a habilitar lactarios institucionales con est\u00e1ndares de calidad, aline\u00e1ndose con las recomendaciones del Ministerio de Salud (MINSAL) y la Organizaci\u00f3n Mundial de la Salud (OMS) para fomentar la lactancia materna exclusiva durante los primeros seis meses de vida.<\/span><\/p>\n<p class=\"tm6\" style=\"text-align: justify;\"><span class=\"tm7\" style=\"font-size: 20px;\">Con esta pol\u00edtica p\u00fablica, el pa\u00eds no solo busca elevar los \u00edndices de nutrici\u00f3n y salud infantil, sino tambi\u00e9n avanzar de manera sustantiva en la conciliaci\u00f3n entre la vida laboral y familiar, erradicando brechas de g\u00e9nero y asegurando entornos de trabajo con est\u00e1ndares de higiene y dignidad para las madres nodrizas.<\/span><\/p>\n<p class=\"Normal\">\u00a0<\/p>\n\n\n<figure class=\"wp-block-image size-large\"><img loading=\"lazy\" decoding=\"async\" width=\"1024\" height=\"682\" src=\"https:\/\/www.hospitalantofagasta.gob.cl\/wp-content\/uploads\/2026\/09\/WhatsApp-Image-2026-09-02-at-12.04.36-PM-1024x682.jpeg\" alt=\"\" class=\"wp-image-10237\" srcset=\"https:\/\/www.hospitalantofagasta.gob.cl\/wp-content\/uploads\/2026\/09\/WhatsApp-Image-2026-09-02-at-12.04.36-PM-1024x682.jpeg 1024w, https:\/\/www.hospitalantofagasta.gob.cl\/wp-content\/uploads\/2026\/09\/WhatsApp-Image-2026-09-02-at-12.04.36-PM-300x200.jpeg 300w, https:\/\/www.hospitalantofagasta.gob.cl\/wp-content\/uploads\/2026\/09\/WhatsApp-Image-2026-09-02-at-12.04.36-PM-767x511.jpeg 767w, https:\/\/www.hospitalantofagasta.gob.cl\/wp-content\/uploads\/2026\/09\/WhatsApp-Image-2026-09-02-at-12.04.36-PM-1536x1023.jpeg 1536w, https:\/\/www.hospitalantofagasta.gob.cl\/wp-content\/uploads\/2026\/09\/WhatsApp-Image-2026-09-02-at-12.04.36-PM-660x440.jpeg 660w, https:\/\/www.hospitalantofagasta.gob.cl\/wp-content\/uploads\/2026\/09\/WhatsApp-Image-2026-09-02-at-12.04.36-PM.jpeg 1600w\" sizes=\"auto, (max-width: 1024px) 100vw, 1024px\" \/><\/figure>\n\n\n\n<div class=\"wp-block-uagb-image uagb-block-aeee4303 wp-block-uagb-image--layout-default wp-block-uagb-image--effect-static wp-block-uagb-image--align-none\"><figure class=\"wp-block-uagb-image__figure\"><img decoding=\"async\" src=\"https:\/\/www.hospitalantofagasta.gob.cl\/wp-content\/uploads\/2026\/09\/WhatsApp-Image-2026-09-02-at-12.04.37-PM-1024x682.jpeg\" alt=\"\" class=\"uag-image-10238\" width=\"1600\" height=\"1066\" title=\"WhatsApp Image 2026-09-02 at 12.04.37 PM\" loading=\"lazy\" role=\"img\" \/><\/figure><\/div>\n","protected":false},"excerpt":{"rendered":"<p>La Secretar\u00eda Regional Ministerial (Seremi) de Salud de Antofagasta, a trav\u00e9s de la Comisi\u00f3n Regional de Lactancia Materna, otorg\u00f3 el reconocimiento oficial a la sala de lactancia materna ubicada en la Sala Cuna del Hospital Regional de Antofagasta (HRA). La acreditaci\u00f3n verifica que el espacio cumple con los est\u00e1ndares t\u00e9cnicos, sanitarios y de infraestructura fijados [&hellip;]<\/p>\n","protected":false},"author":3,"featured_media":10236,"comment_status":"closed","ping_status":"closed","sticky":false,"template":"","format":"standard","meta":{"_uag_custom_page_level_css":"","footnotes":""},"categories":[2],"tags":[],"class_list":["post-10235","post","type-post","status-publish","format-standard","has-post-thumbnail","hentry","category-noticias"],"uagb_featured_image_src":{"full":["https:\/\/www.hospitalantofagasta.gob.cl\/wp-content\/uploads\/2026\/09\/WhatsApp-Image-2026-09-02-at-12.04.38-PM.jpeg",1600,1066,false],"thumbnail":["https:\/\/www.hospitalantofagasta.gob.cl\/wp-content\/uploads\/2026\/09\/WhatsApp-Image-2026-09-02-at-12.04.38-PM-150x150.jpeg",150,150,true],"medium":["https:\/\/www.hospitalantofagasta.gob.cl\/wp-content\/uploads\/2026\/09\/WhatsApp-Image-2026-09-02-at-12.04.38-PM-300x200.jpeg",300,200,true],"medium_large":["https:\/\/www.hospitalantofagasta.gob.cl\/wp-content\/uploads\/2026\/09\/WhatsApp-Image-2026-09-02-at-12.04.38-PM-768x512.jpeg",768,512,true],"large":["https:\/\/www.hospitalantofagasta.gob.cl\/wp-content\/uploads\/2026\/09\/WhatsApp-Image-2026-09-02-at-12.04.38-PM-1024x682.jpeg",1024,682,true],"1536x1536":["https:\/\/www.hospitalantofagasta.gob.cl\/wp-content\/uploads\/2026\/09\/WhatsApp-Image-2026-09-02-at-12.04.38-PM-1536x1023.jpeg",1536,1023,true],"2048x2048":["https:\/\/www.hospitalantofagasta.gob.cl\/wp-content\/uploads\/2026\/09\/WhatsApp-Image-2026-09-02-at-12.04.38-PM.jpeg",1600,1066,false],"320x210":["https:\/\/www.hospitalantofagasta.gob.cl\/wp-content\/uploads\/2026\/09\/WhatsApp-Image-2026-09-02-at-12.04.38-PM-320x210.jpeg",320,210,true],"660x250":["https:\/\/www.hospitalantofagasta.gob.cl\/wp-content\/uploads\/2026\/09\/WhatsApp-Image-2026-09-02-at-12.04.38-PM-660x250.jpeg",660,250,true],"660x9999":["https:\/\/www.hospitalantofagasta.gob.cl\/wp-content\/uploads\/2026\/09\/WhatsApp-Image-2026-09-02-at-12.04.38-PM-660x440.jpeg",660,440,true]},"uagb_author_info":{"display_name":"periodista.hra","author_link":"https:\/\/www.hospitalantofagasta.gob.cl\/?author=3"},"uagb_comment_info":0,"uagb_excerpt":"La Secretar\u00eda Regional Ministerial (Seremi) de Salud de Antofagasta, a trav\u00e9s de la Comisi\u00f3n Regional de Lactancia Materna, otorg\u00f3 el reconocimiento oficial a la sala de lactancia materna ubicada en la Sala Cuna del Hospital Regional de Antofagasta (HRA). La acreditaci\u00f3n verifica que el espacio cumple con los est\u00e1ndares t\u00e9cnicos, sanitarios y de infraestructura fijados&hellip;","_links":{"self":[{"href":"https:\/\/www.hospitalantofagasta.gob.cl\/index.php?rest_route=\/wp\/v2\/posts\/10235","targetHints":{"allow":["GET"]}}],"collection":[{"href":"https:\/\/www.hospitalantofagasta.gob.cl\/index.php?rest_route=\/wp\/v2\/posts"}],"about":[{"href":"https:\/\/www.hospitalantofagasta.gob.cl\/index.php?rest_route=\/wp\/v2\/types\/post"}],"author":[{"embeddable":true,"href":"https:\/\/www.hospitalantofagasta.gob.cl\/index.php?rest_route=\/wp\/v2\/users\/3"}],"replies":[{"embeddable":true,"href":"https:\/\/www.hospitalantofagasta.gob.cl\/index.php?rest_route=%2Fwp%2Fv2%2Fcomments&post=10235"}],"version-history":[{"count":2,"href":"https:\/\/www.hospitalantofagasta.gob.cl\/index.php?rest_route=\/wp\/v2\/posts\/10235\/revisions"}],"predecessor-version":[{"id":10240,"href":"https:\/\/www.hospitalantofagasta.gob.cl\/index.php?rest_route=\/wp\/v2\/posts\/10235\/revisions\/10240"}],"wp:featuredmedia":[{"embeddable":true,"href":"https:\/\/www.hospitalantofagasta.gob.cl\/index.php?rest_route=\/wp\/v2\/media\/10236"}],"wp:attachment":[{"href":"https:\/\/www.hospitalantofagasta.gob.cl\/index.php?rest_route=%2Fwp%2Fv2%2Fmedia&parent=10235"}],"wp:term":[{"taxonomy":"category","embeddable":true,"href":"https:\/\/www.hospitalantofagasta.gob.cl\/index.php?rest_route=%2Fwp%2Fv2%2Fcategories&post=10235"},{"taxonomy":"post_tag","embeddable":true,"href":"https:\/\/www.hospitalantofagasta.gob.cl\/index.php?rest_route=%2Fwp%2Fv2%2Ftags&post=10235"}],"curies":[{"name":"wp","href":"https:\/\/api.w.org\/{rel}","templated":true}]}}